{"id":10025,"date":"2025-03-03T11:38:05","date_gmt":"2025-03-03T10:38:05","guid":{"rendered":"https:\/\/klimbos.nl\/?p=10025"},"modified":"2025-03-03T16:24:37","modified_gmt":"2025-03-03T15:24:37","slug":"nationaler-kletterwaldtag-am-5-april-2025-klettern-fur-eine-waldreiche-zukunft","status":"publish","type":"post","link":"https:\/\/klimbos.nl\/de\/geschichten-2\/nationaler-kletterwaldtag-am-5-april-2025-klettern-fur-eine-waldreiche-zukunft\/","title":{"rendered":"Nationaler Kletterwaldtag am 5. April 2025: Klettern f\u00fcr eine waldreiche Zukunft"},"content":{"rendered":"<p><em>11 Orte \u00f6ffnen ihre T\u00fcren, um Natur und Abenteuer miteinander zu verbinden<\/em><\/p>\n\n\n\n<p><strong>Apeldoorn, 3. M\u00e4rz 2025<\/strong> - Der Fr\u00fchling steht vor der T\u00fcr: Die Tage werden l\u00e4nger, die Sonne zeigt sich h\u00e4ufiger, und es ist Zeit, nach drau\u00dfen zu gehen! Am Samstag, dem 5. April 2025, findet zum dritten Mal der Nationale Kletterwaldtag statt. An diesem Tag schlie\u00dfen sich 11 Kletterw\u00e4lder im ganzen Land zusammen, um die Klettersaison feierlich einzul\u00e4uten und auf die Bedeutung einer gr\u00fcnen und waldreichen Welt aufmerksam zu machen.<\/p>\n\n\n\n<p>Mit einem festen Eintrittspreis von 18 \u20ac f\u00fcr jedermann bietet der Nationale Kletterwaldtag ein einzigartiges Naturerlebnis. Au\u00dferdem wird 1 \u20ac von jedem verkauften Ticket an Trees for All gespendet, eine Organisation, die B\u00e4ume pflanzt und sich f\u00fcr den Erhalt der W\u00e4lder weltweit einsetzt.<\/p>\n\n\n\n<figure class=\"wp-block-image size-full\"><img loading=\"lazy\" decoding=\"async\" width=\"678\" height=\"452\" src=\"https:\/\/klimbos.nl\/wp-content\/uploads\/2023\/09\/image.jpeg\" alt=\"Klettern \u00fcber eine Kletterbr\u00fccke\" class=\"wp-image-7763\" srcset=\"https:\/\/klimbos.nl\/wp-content\/uploads\/2023\/09\/image.jpeg 678w, https:\/\/klimbos.nl\/wp-content\/uploads\/2023\/09\/image-300x200.jpeg 300w\" sizes=\"auto, (max-width: 678px) 100vw, 678px\" \/><\/figure>\n\n\n\n<p><strong>Ein Abenteuer f\u00fcr Jung und Alt<\/strong><br>Der Nationale Klimbos-Tag wurde 2023 mit dem Ziel ins Leben gerufen, mehr Menschen auf spielerische Weise mit der Natur zu verbinden. Das Klettern in den B\u00e4umen, Ziplining und die Bew\u00e4ltigung anspruchsvoller Parcours bieten nicht nur ein einzigartiges Adrenalin-Erlebnis, sondern verst\u00e4rken auch die geistigen und k\u00f6rperlichen Vorteile eines Aufenthalts im Gr\u00fcnen.<\/p>\n\n\n\n<p><em>\"Die Kombination aus Sport, Abenteuer und Natur sorgt f\u00fcr einen Schub an Energie und Gl\u00fcck. Au\u00dferdem ist es der perfekte Ort, um an seine Grenzen zu gehen\".<\/em> sagt Simone Dijkhuis von Klimbos Niederlande, der Organisatorin des Tages. <em>\"Wir freuen uns sehr, dass sich in diesem Jahr 11 Standorte beteiligt haben. Das zeigt, dass wir gemeinsam mit unseren Besuchern etwas f\u00fcr Mensch und Natur bewirken k\u00f6nnen.<\/em><\/p>\n\n\n\n<figure class=\"wp-block-image size-full\"><img decoding=\"async\" src=\"https:\/\/klimbos.nl\/wp-content\/uploads\/2023\/07\/243A4503.jpg\" alt=\"Anna\" class=\"wp-image-7662\"\/><\/figure>\n\n\n\n<p><strong>Gemeinsam st\u00e4rker: Klettern f\u00fcr einen guten Zweck<\/strong><br>Die Zusammenarbeit mit Trees for All unterstreicht das Engagement des National Climbing Day, auch der Natur etwas zur\u00fcckzugeben. F\u00fcr jedes verkaufte Ticket wird 1 Euro an die Wohlt\u00e4tigkeitsorganisation gespendet, mit dem neue B\u00e4ume in den Niederlanden und im Ausland gepflanzt werden.<\/p>\n\n\n\n<p>Sira Bongers von Trees for All kommentiert: \"<em>Trees for All setzt sich weltweit f\u00fcr eine bewaldete Welt ein. Aber das k\u00f6nnen wir nur dank der Unterst\u00fctzung von Partnern, wie dem Nationalen Kletterwaldtag, erreichen. Dar\u00fcber sind wir sehr froh! Es ist gro\u00dfartig zu sehen, wie Klettergebiete ihre Kletterer am National Climbing Day einbinden, um zu einem besseren Klima, mehr Artenvielfalt und einer waldreicheren Welt beizutragen.<\/em><\/p>\n\n\n\n<p><em>Auf diese Weise vergr\u00f6\u00dfern wir die Waldfl\u00e4che in den Niederlanden und im Ausland und machen noch mehr Menschen auf die Bedeutung der B\u00e4ume aufmerksam.<\/em>\"<\/p>\n\n\n\n<hr class=\"wp-block-separator has-alpha-channel-opacity\"\/>\n\n\n\n<p><strong>Komm in einen Kletterwald in deiner N\u00e4he<\/strong><br>Mit 11 teilnehmenden Standorten gibt es immer einen Kletterwald in der N\u00e4he, in dem Sie diesen besonderen Tag genie\u00dfen k\u00f6nnen. Laden Sie Freunde und Familie ein und erleben Sie gemeinsam einen Tag voller Abenteuer, Spa\u00df und Natur.<\/p>\n\n\n\n<p><strong>Praktische Informationen:<\/strong><\/p>\n\n\n\n<ul class=\"wp-block-list\">\n<li>Datum: Samstag, 5. April 2025<\/li>\n\n\n\n<li>Eintrittspreis: 18 \u20ac (f\u00fcr alle)<\/li>\n\n\n\n<li>Wohlt\u00e4tigkeit: B\u00e4ume f\u00fcr alle (1 \u20ac pro Ticket wird gespendet)<\/li>\n\n\n\n<li>Standorte: 11 Kletterw\u00e4lder in den Niederlanden<\/li>\n<\/ul>\n\n\n\n<figure class=\"wp-block-image size-large\"><img loading=\"lazy\" decoding=\"async\" width=\"873\" height=\"1024\" src=\"https:\/\/klimbos.nl\/wp-content\/uploads\/2025\/03\/Kaart_Nationale-Klimbosdag2025-873x1024.png\" alt=\"\" class=\"wp-image-10027\" srcset=\"https:\/\/klimbos.nl\/wp-content\/uploads\/2025\/03\/Kaart_Nationale-Klimbosdag2025-873x1024.png 873w, https:\/\/klimbos.nl\/wp-content\/uploads\/2025\/03\/Kaart_Nationale-Klimbosdag2025-256x300.png 256w, https:\/\/klimbos.nl\/wp-content\/uploads\/2025\/03\/Kaart_Nationale-Klimbosdag2025-768x901.png 768w, https:\/\/klimbos.nl\/wp-content\/uploads\/2025\/03\/Kaart_Nationale-Klimbosdag2025.png 1274w\" sizes=\"auto, (max-width: 873px) 100vw, 873px\" \/><\/figure>\n\n\n\n<ol class=\"wp-block-list\">\n<li>Klimbos Appelscha<\/li>\n\n\n\n<li>Kletterwald Ruurlo<\/li>\n\n\n\n<li>Kletterwald Apeldoorn<\/li>\n\n\n\n<li>Kletterwald Ermelo<\/li>\n\n\n\n<li>Kletterwald Bergen op Zoom<\/li>\n\n\n\n<li>Freiluftpark Reusel<\/li>\n\n\n\n<li>Naturpark AvaTarz<\/li>\n\n\n\n<li>Kletterwald Overijssel<\/li>\n\n\n\n<li>Kletterwald Lage Vuursche<\/li>\n\n\n\n<li>Kletterwald Zeeland Westerschouwen<\/li>\n\n\n\n<li>Kletterwald Dordrecht<\/li>\n<\/ol>\n\n\n\n<p>Nehmen Sie am Nationalen Kletterwaldtag teil und setzen Sie ein Zeichen - f\u00fcr sich selbst und f\u00fcr die Natur!<\/p>\n\n\n\n<p>Weitere Informationen \u00fcber teilnehmende Veranstaltungsorte und Tickets finden Sie unter: <a href=\"http:\/\/www.nationale-klimbosdag.nl\"><strong>www.nationale-klimbosdag.nl<\/strong><\/a><\/p>","protected":false},"excerpt":{"rendered":"<p>11 Orte \u00f6ffnen ihre T\u00fcren, um Natur und Abenteuer miteinander zu verbinden Apeldoorn, 3. M\u00e4rz 2025 - Der Fr\u00fchling steht vor der T\u00fcr: Die Tage werden l\u00e4nger, die Sonne zeigt sich h\u00e4ufiger, und es ist Zeit, nach drau\u00dfen zu gehen! Am Samstag, den 5. April 2025, findet zum dritten Mal der Nationale Klimbos-Tag statt. Am...<\/p>","protected":false},"author":4,"featured_media":4044,"comment_status":"closed","ping_status":"closed","sticky":false,"template":"","format":"standard","meta":{"_acf_changed":false,"footnotes":""},"categories":[1],"tags":[],"class_list":["post-10025","post","type-post","status-publish","format-standard","has-post-thumbnail","hentry","category-geen-onderdeel-van-een-categorie"],"acf":[],"yoast_head":"<!-- This site is optimized with the Yoast SEO plugin v27.5 - https:\/\/yoast.com\/product\/yoast-seo-wordpress\/ -->\n<title>Nationale Klimbosdag op 5 april 2025:Klimmen voor een bosrijke toekomst - Klimbos<\/title>\n<meta name=\"description\" content=\"11 locaties openen hun deuren om natuur en avontuur samen te brengen Apeldoorn, 3 maart 2025 \u2013 De lente staat voor de deur: de dagen worden langer, de zon\" \/>\n<meta name=\"robots\" content=\"index, follow, max-snippet:-1, max-image-preview:large, max-video-preview:-1\" \/>\n<link rel=\"canonical\" href=\"https:\/\/klimbos.nl\/de\/geschichten-2\/nationaler-kletterwaldtag-am-5-april-2025-klettern-fur-eine-waldreiche-zukunft\/\" \/>\n<meta property=\"og:locale\" content=\"de_DE\" \/>\n<meta property=\"og:type\" content=\"article\" \/>\n<meta property=\"og:title\" content=\"Nationale Klimbosdag op 5 april 2025:Klimmen voor een bosrijke toekomst - Klimbos\" \/>\n<meta property=\"og:description\" content=\"11 locaties openen hun deuren om natuur en avontuur samen te brengen Apeldoorn, 3 maart 2025 \u2013 De lente staat voor de deur: de dagen worden langer, de zon\" \/>\n<meta property=\"og:url\" content=\"https:\/\/klimbos.nl\/de\/geschichten-2\/nationaler-kletterwaldtag-am-5-april-2025-klettern-fur-eine-waldreiche-zukunft\/\" \/>\n<meta property=\"og:site_name\" content=\"Klimbos\" \/>\n<meta property=\"article:published_time\" content=\"2025-03-03T10:38:05+00:00\" \/>\n<meta property=\"article:modified_time\" content=\"2025-03-03T15:24:37+00:00\" \/>\n<meta property=\"og:image\" content=\"https:\/\/klimbos.nl\/wp-content\/uploads\/2021\/11\/DSC_4765A-scaled.jpg\" \/>\n\t<meta property=\"og:image:width\" content=\"2560\" \/>\n\t<meta property=\"og:image:height\" content=\"1707\" \/>\n\t<meta property=\"og:image:type\" content=\"image\/jpeg\" \/>\n<meta name=\"author\" content=\"Simone Dijkhuis\" \/>\n<meta name=\"twitter:card\" content=\"summary_large_image\" \/>\n<meta name=\"twitter:label1\" content=\"Written by\" \/>\n\t<meta name=\"twitter:data1\" content=\"Simone Dijkhuis\" \/>\n\t<meta name=\"twitter:label2\" content=\"Est. reading time\" \/>\n\t<meta name=\"twitter:data2\" content=\"4 minutes\" \/>\n<script type=\"application\/ld+json\" class=\"yoast-schema-graph\">{\"@context\":\"https:\\\/\\\/schema.org\",\"@graph\":[{\"@type\":\"Article\",\"@id\":\"https:\\\/\\\/klimbos.nl\\\/verhalen\\\/nationale-klimbosdag-op-5-april-2025klimmen-voor-een-bosrijke-toekomst\\\/#article\",\"isPartOf\":{\"@id\":\"https:\\\/\\\/klimbos.nl\\\/verhalen\\\/nationale-klimbosdag-op-5-april-2025klimmen-voor-een-bosrijke-toekomst\\\/\"},\"author\":{\"name\":\"Simone Dijkhuis\",\"@id\":\"https:\\\/\\\/klimbos.nl\\\/#\\\/schema\\\/person\\\/3e6a204e17e8a0d5fe1a882384847627\"},\"headline\":\"Nationale Klimbosdag op 5 april 2025:Klimmen voor een bosrijke toekomst\",\"datePublished\":\"2025-03-03T10:38:05+00:00\",\"dateModified\":\"2025-03-03T15:24:37+00:00\",\"mainEntityOfPage\":{\"@id\":\"https:\\\/\\\/klimbos.nl\\\/verhalen\\\/nationale-klimbosdag-op-5-april-2025klimmen-voor-een-bosrijke-toekomst\\\/\"},\"wordCount\":516,\"image\":{\"@id\":\"https:\\\/\\\/klimbos.nl\\\/verhalen\\\/nationale-klimbosdag-op-5-april-2025klimmen-voor-een-bosrijke-toekomst\\\/#primaryimage\"},\"thumbnailUrl\":\"https:\\\/\\\/klimbos.nl\\\/wp-content\\\/uploads\\\/2021\\\/11\\\/DSC_4765A-scaled.jpg\",\"articleSection\":[\"Geen onderdeel van een categorie\"],\"inLanguage\":\"de-DE\"},{\"@type\":\"WebPage\",\"@id\":\"https:\\\/\\\/klimbos.nl\\\/verhalen\\\/nationale-klimbosdag-op-5-april-2025klimmen-voor-een-bosrijke-toekomst\\\/\",\"url\":\"https:\\\/\\\/klimbos.nl\\\/verhalen\\\/nationale-klimbosdag-op-5-april-2025klimmen-voor-een-bosrijke-toekomst\\\/\",\"name\":\"Nationale Klimbosdag op 5 april 2025:Klimmen voor een bosrijke toekomst - Klimbos\",\"isPartOf\":{\"@id\":\"https:\\\/\\\/klimbos.nl\\\/#website\"},\"primaryImageOfPage\":{\"@id\":\"https:\\\/\\\/klimbos.nl\\\/verhalen\\\/nationale-klimbosdag-op-5-april-2025klimmen-voor-een-bosrijke-toekomst\\\/#primaryimage\"},\"image\":{\"@id\":\"https:\\\/\\\/klimbos.nl\\\/verhalen\\\/nationale-klimbosdag-op-5-april-2025klimmen-voor-een-bosrijke-toekomst\\\/#primaryimage\"},\"thumbnailUrl\":\"https:\\\/\\\/klimbos.nl\\\/wp-content\\\/uploads\\\/2021\\\/11\\\/DSC_4765A-scaled.jpg\",\"datePublished\":\"2025-03-03T10:38:05+00:00\",\"dateModified\":\"2025-03-03T15:24:37+00:00\",\"author\":{\"@id\":\"https:\\\/\\\/klimbos.nl\\\/#\\\/schema\\\/person\\\/3e6a204e17e8a0d5fe1a882384847627\"},\"description\":\"11 locaties openen hun deuren om natuur en avontuur samen te brengen Apeldoorn, 3 maart 2025 \u2013 De lente staat voor de deur: de dagen worden langer, de zon\",\"breadcrumb\":{\"@id\":\"https:\\\/\\\/klimbos.nl\\\/verhalen\\\/nationale-klimbosdag-op-5-april-2025klimmen-voor-een-bosrijke-toekomst\\\/#breadcrumb\"},\"inLanguage\":\"de-DE\",\"potentialAction\":[{\"@type\":\"ReadAction\",\"target\":[\"https:\\\/\\\/klimbos.nl\\\/verhalen\\\/nationale-klimbosdag-op-5-april-2025klimmen-voor-een-bosrijke-toekomst\\\/\"]}]},{\"@type\":\"ImageObject\",\"inLanguage\":\"de-DE\",\"@id\":\"https:\\\/\\\/klimbos.nl\\\/verhalen\\\/nationale-klimbosdag-op-5-april-2025klimmen-voor-een-bosrijke-toekomst\\\/#primaryimage\",\"url\":\"https:\\\/\\\/klimbos.nl\\\/wp-content\\\/uploads\\\/2021\\\/11\\\/DSC_4765A-scaled.jpg\",\"contentUrl\":\"https:\\\/\\\/klimbos.nl\\\/wp-content\\\/uploads\\\/2021\\\/11\\\/DSC_4765A-scaled.jpg\",\"width\":2560,\"height\":1707,\"caption\":\"Kies zelf je route en je uitdaging!\"},{\"@type\":\"BreadcrumbList\",\"@id\":\"https:\\\/\\\/klimbos.nl\\\/verhalen\\\/nationale-klimbosdag-op-5-april-2025klimmen-voor-een-bosrijke-toekomst\\\/#breadcrumb\",\"itemListElement\":[{\"@type\":\"ListItem\",\"position\":1,\"name\":\"Home\",\"item\":\"https:\\\/\\\/klimbos.nl\\\/\"},{\"@type\":\"ListItem\",\"position\":2,\"name\":\"Nationale Klimbosdag op 5 april 2025:Klimmen voor een bosrijke toekomst\"}]},{\"@type\":\"WebSite\",\"@id\":\"https:\\\/\\\/klimbos.nl\\\/#website\",\"url\":\"https:\\\/\\\/klimbos.nl\\\/\",\"name\":\"Klimbos\",\"description\":\"Ga op avontuur in de mooiste gebieden van Nederland\",\"potentialAction\":[{\"@type\":\"SearchAction\",\"target\":{\"@type\":\"EntryPoint\",\"urlTemplate\":\"https:\\\/\\\/klimbos.nl\\\/?s={search_term_string}\"},\"query-input\":{\"@type\":\"PropertyValueSpecification\",\"valueRequired\":true,\"valueName\":\"search_term_string\"}}],\"inLanguage\":\"de-DE\"},{\"@type\":\"Person\",\"@id\":\"https:\\\/\\\/klimbos.nl\\\/#\\\/schema\\\/person\\\/3e6a204e17e8a0d5fe1a882384847627\",\"name\":\"Simone Dijkhuis\",\"image\":{\"@type\":\"ImageObject\",\"inLanguage\":\"de-DE\",\"@id\":\"https:\\\/\\\/secure.gravatar.com\\\/avatar\\\/41b8a85e02270574b5ac3ebf8fbfe5fc4a564e6581d0302d1394b00b45a2dc0b?s=96&d=mm&r=g\",\"url\":\"https:\\\/\\\/secure.gravatar.com\\\/avatar\\\/41b8a85e02270574b5ac3ebf8fbfe5fc4a564e6581d0302d1394b00b45a2dc0b?s=96&d=mm&r=g\",\"contentUrl\":\"https:\\\/\\\/secure.gravatar.com\\\/avatar\\\/41b8a85e02270574b5ac3ebf8fbfe5fc4a564e6581d0302d1394b00b45a2dc0b?s=96&d=mm&r=g\",\"caption\":\"Simone Dijkhuis\"}}]}<\/script>\n<!-- \/ Yoast SEO plugin. -->","yoast_head_json":{"title":"Nationaler Klimbos-Tag am 5. April 2025: Klettern f\u00fcr eine bewaldete Zukunft - Klimbos","description":"11 Orte \u00f6ffnen ihre T\u00fcren und bringen Natur und Abenteuer zusammen Apeldoorn, 3. M\u00e4rz 2025 - Der Fr\u00fchling steht vor der T\u00fcr: Die Tage werden l\u00e4nger, die Sonne","robots":{"index":"index","follow":"follow","max-snippet":"max-snippet:-1","max-image-preview":"max-image-preview:large","max-video-preview":"max-video-preview:-1"},"canonical":"https:\/\/klimbos.nl\/de\/geschichten-2\/nationaler-kletterwaldtag-am-5-april-2025-klettern-fur-eine-waldreiche-zukunft\/","og_locale":"de_DE","og_type":"article","og_title":"Nationale Klimbosdag op 5 april 2025:Klimmen voor een bosrijke toekomst - Klimbos","og_description":"11 locaties openen hun deuren om natuur en avontuur samen te brengen Apeldoorn, 3 maart 2025 \u2013 De lente staat voor de deur: de dagen worden langer, de zon","og_url":"https:\/\/klimbos.nl\/de\/geschichten-2\/nationaler-kletterwaldtag-am-5-april-2025-klettern-fur-eine-waldreiche-zukunft\/","og_site_name":"Klimbos","article_published_time":"2025-03-03T10:38:05+00:00","article_modified_time":"2025-03-03T15:24:37+00:00","og_image":[{"width":2560,"height":1707,"url":"https:\/\/klimbos.nl\/wp-content\/uploads\/2021\/11\/DSC_4765A-scaled.jpg","type":"image\/jpeg"}],"author":"Simone Dijkhuis","twitter_card":"summary_large_image","twitter_misc":{"Written by":"Simone Dijkhuis","Est. reading time":"4 minutes"},"schema":{"@context":"https:\/\/schema.org","@graph":[{"@type":"Article","@id":"https:\/\/klimbos.nl\/verhalen\/nationale-klimbosdag-op-5-april-2025klimmen-voor-een-bosrijke-toekomst\/#article","isPartOf":{"@id":"https:\/\/klimbos.nl\/verhalen\/nationale-klimbosdag-op-5-april-2025klimmen-voor-een-bosrijke-toekomst\/"},"author":{"name":"Simone Dijkhuis","@id":"https:\/\/klimbos.nl\/#\/schema\/person\/3e6a204e17e8a0d5fe1a882384847627"},"headline":"Nationale Klimbosdag op 5 april 2025:Klimmen voor een bosrijke toekomst","datePublished":"2025-03-03T10:38:05+00:00","dateModified":"2025-03-03T15:24:37+00:00","mainEntityOfPage":{"@id":"https:\/\/klimbos.nl\/verhalen\/nationale-klimbosdag-op-5-april-2025klimmen-voor-een-bosrijke-toekomst\/"},"wordCount":516,"image":{"@id":"https:\/\/klimbos.nl\/verhalen\/nationale-klimbosdag-op-5-april-2025klimmen-voor-een-bosrijke-toekomst\/#primaryimage"},"thumbnailUrl":"https:\/\/klimbos.nl\/wp-content\/uploads\/2021\/11\/DSC_4765A-scaled.jpg","articleSection":["Geen onderdeel van een categorie"],"inLanguage":"de-DE"},{"@type":"WebPage","@id":"https:\/\/klimbos.nl\/verhalen\/nationale-klimbosdag-op-5-april-2025klimmen-voor-een-bosrijke-toekomst\/","url":"https:\/\/klimbos.nl\/verhalen\/nationale-klimbosdag-op-5-april-2025klimmen-voor-een-bosrijke-toekomst\/","name":"Nationaler Klimbos-Tag am 5. April 2025: Klettern f\u00fcr eine bewaldete Zukunft - Klimbos","isPartOf":{"@id":"https:\/\/klimbos.nl\/#website"},"primaryImageOfPage":{"@id":"https:\/\/klimbos.nl\/verhalen\/nationale-klimbosdag-op-5-april-2025klimmen-voor-een-bosrijke-toekomst\/#primaryimage"},"image":{"@id":"https:\/\/klimbos.nl\/verhalen\/nationale-klimbosdag-op-5-april-2025klimmen-voor-een-bosrijke-toekomst\/#primaryimage"},"thumbnailUrl":"https:\/\/klimbos.nl\/wp-content\/uploads\/2021\/11\/DSC_4765A-scaled.jpg","datePublished":"2025-03-03T10:38:05+00:00","dateModified":"2025-03-03T15:24:37+00:00","author":{"@id":"https:\/\/klimbos.nl\/#\/schema\/person\/3e6a204e17e8a0d5fe1a882384847627"},"description":"11 Orte \u00f6ffnen ihre T\u00fcren und bringen Natur und Abenteuer zusammen Apeldoorn, 3. M\u00e4rz 2025 - Der Fr\u00fchling steht vor der T\u00fcr: Die Tage werden l\u00e4nger, die Sonne","breadcrumb":{"@id":"https:\/\/klimbos.nl\/verhalen\/nationale-klimbosdag-op-5-april-2025klimmen-voor-een-bosrijke-toekomst\/#breadcrumb"},"inLanguage":"de-DE","potentialAction":[{"@type":"ReadAction","target":["https:\/\/klimbos.nl\/verhalen\/nationale-klimbosdag-op-5-april-2025klimmen-voor-een-bosrijke-toekomst\/"]}]},{"@type":"ImageObject","inLanguage":"de-DE","@id":"https:\/\/klimbos.nl\/verhalen\/nationale-klimbosdag-op-5-april-2025klimmen-voor-een-bosrijke-toekomst\/#primaryimage","url":"https:\/\/klimbos.nl\/wp-content\/uploads\/2021\/11\/DSC_4765A-scaled.jpg","contentUrl":"https:\/\/klimbos.nl\/wp-content\/uploads\/2021\/11\/DSC_4765A-scaled.jpg","width":2560,"height":1707,"caption":"Kies zelf je route en je uitdaging!"},{"@type":"BreadcrumbList","@id":"https:\/\/klimbos.nl\/verhalen\/nationale-klimbosdag-op-5-april-2025klimmen-voor-een-bosrijke-toekomst\/#breadcrumb","itemListElement":[{"@type":"ListItem","position":1,"name":"Home","item":"https:\/\/klimbos.nl\/"},{"@type":"ListItem","position":2,"name":"Nationale Klimbosdag op 5 april 2025:Klimmen voor een bosrijke toekomst"}]},{"@type":"WebSite","@id":"https:\/\/klimbos.nl\/#website","url":"https:\/\/klimbos.nl\/","name":"Kletterwald","description":"Begeben Sie sich auf ein Abenteuer in den sch\u00f6nsten Gegenden der Niederlande","potentialAction":[{"@type":"SearchAction","target":{"@type":"EntryPoint","urlTemplate":"https:\/\/klimbos.nl\/?s={search_term_string}"},"query-input":{"@type":"PropertyValueSpecification","valueRequired":true,"valueName":"search_term_string"}}],"inLanguage":"de-DE"},{"@type":"Person","@id":"https:\/\/klimbos.nl\/#\/schema\/person\/3e6a204e17e8a0d5fe1a882384847627","name":"Simone Dijkhuis","image":{"@type":"ImageObject","inLanguage":"de-DE","@id":"https:\/\/secure.gravatar.com\/avatar\/41b8a85e02270574b5ac3ebf8fbfe5fc4a564e6581d0302d1394b00b45a2dc0b?s=96&d=mm&r=g","url":"https:\/\/secure.gravatar.com\/avatar\/41b8a85e02270574b5ac3ebf8fbfe5fc4a564e6581d0302d1394b00b45a2dc0b?s=96&d=mm&r=g","contentUrl":"https:\/\/secure.gravatar.com\/avatar\/41b8a85e02270574b5ac3ebf8fbfe5fc4a564e6581d0302d1394b00b45a2dc0b?s=96&d=mm&r=g","caption":"Simone Dijkhuis"}}]}},"_links":{"self":[{"href":"https:\/\/klimbos.nl\/de\/wp-json\/wp\/v2\/posts\/10025","targetHints":{"allow":["GET"]}}],"collection":[{"href":"https:\/\/klimbos.nl\/de\/wp-json\/wp\/v2\/posts"}],"about":[{"href":"https:\/\/klimbos.nl\/de\/wp-json\/wp\/v2\/types\/post"}],"author":[{"embeddable":true,"href":"https:\/\/klimbos.nl\/de\/wp-json\/wp\/v2\/users\/4"}],"replies":[{"embeddable":true,"href":"https:\/\/klimbos.nl\/de\/wp-json\/wp\/v2\/comments?post=10025"}],"version-history":[{"count":1,"href":"https:\/\/klimbos.nl\/de\/wp-json\/wp\/v2\/posts\/10025\/revisions"}],"predecessor-version":[{"id":10030,"href":"https:\/\/klimbos.nl\/de\/wp-json\/wp\/v2\/posts\/10025\/revisions\/10030"}],"wp:featuredmedia":[{"embeddable":true,"href":"https:\/\/klimbos.nl\/de\/wp-json\/wp\/v2\/media\/4044"}],"wp:attachment":[{"href":"https:\/\/klimbos.nl\/de\/wp-json\/wp\/v2\/media?parent=10025"}],"wp:term":[{"taxonomy":"category","embeddable":true,"href":"https:\/\/klimbos.nl\/de\/wp-json\/wp\/v2\/categories?post=10025"},{"taxonomy":"post_tag","embeddable":true,"href":"https:\/\/klimbos.nl\/de\/wp-json\/wp\/v2\/tags?post=10025"}],"curies":[{"name":"wp","href":"https:\/\/api.w.org\/{rel}","templated":true}]}}