{"id":7762,"date":"2023-09-07T12:25:41","date_gmt":"2023-09-07T10:25:41","guid":{"rendered":"https:\/\/klimbos.nl\/?p=7762"},"modified":"2023-09-12T09:50:29","modified_gmt":"2023-09-12T07:50:29","slug":"klettern-in-und-fur-die-natur","status":"publish","type":"post","link":"https:\/\/klimbos.nl\/de\/geschichten-2\/klettern-in-und-fur-die-natur\/","title":{"rendered":"Klettern in und f\u00fcr die Natur"},"content":{"rendered":"<p><em>Im ganzen Land \u00f6ffnen Kletterw\u00e4lder ihre \"T\u00fcren\" und machen am Nationalen Tag des Kletterwaldes auf den Lebensraum Wald aufmerksam<\/em><\/p>\n\n\n\n<p><strong>Starke Regenf\u00e4lle, die sich mit Hitzerekorden und extremen D\u00fcrreperioden abwechseln, lassen die Natur nach Aufmerksamkeit schreien. Wir brauchen unsere W\u00e4lder dringend, um die Erde f\u00fcr alle lebenswert zu erhalten. <\/strong><strong>Gleichzeitig hat das Eintauchen in eine Waldumgebung auch gro\u00dfe positive Auswirkungen auf die Gesundheit. 20 Kletterwaldstandorte in den Niederlanden werben gemeinsam f\u00fcr mehr Aufmerksamkeit <\/strong><strong><em>f\u00fcr<\/em><\/strong><strong>und mehr zu genie\u00dfen <\/strong><strong><em>von<\/em><\/strong><strong>Natur. W\u00e4hrend <\/strong><strong>Beim ersten Nationalen Kletterwaldtag am 13. September sind Kinder und Erwachsene eingeladen, die gr\u00fcnsten Flecken des Landes aus gro\u00dfer H\u00f6he zu genie\u00dfen. Der Eintritt ist erm\u00e4\u00dfigt, und mit Ihrem Besuch tragen Sie durch eine Spende an \"B\u00e4ume f\u00fcr Alle\" direkt zur Schaffung einer waldreicheren Umwelt bei.&nbsp;<\/strong>&nbsp;<\/p>\n\n\n\n<figure class=\"wp-block-image size-full\"><img loading=\"lazy\" decoding=\"async\" width=\"678\" height=\"452\" src=\"https:\/\/klimbos.nl\/wp-content\/uploads\/2023\/09\/image.jpeg\" alt=\"\" class=\"wp-image-7763\" srcset=\"https:\/\/klimbos.nl\/wp-content\/uploads\/2023\/09\/image.jpeg 678w, https:\/\/klimbos.nl\/wp-content\/uploads\/2023\/09\/image-300x200.jpeg 300w\" sizes=\"auto, (max-width: 678px) 100vw, 678px\" \/><\/figure>\n\n\n\n<figure class=\"wp-block-image size-full\"><img loading=\"lazy\" decoding=\"async\" width=\"686\" height=\"458\" src=\"https:\/\/klimbos.nl\/wp-content\/uploads\/2023\/09\/image-1.jpeg\" alt=\"\" class=\"wp-image-7764\" srcset=\"https:\/\/klimbos.nl\/wp-content\/uploads\/2023\/09\/image-1.jpeg 686w, https:\/\/klimbos.nl\/wp-content\/uploads\/2023\/09\/image-1-300x200.jpeg 300w\" sizes=\"auto, (max-width: 686px) 100vw, 686px\" \/><\/figure>\n\n\n\n<p><\/p>\n\n\n\n<p><strong>Abenteuer im Freien&nbsp;<\/strong><br>Die erste Ausgabe des Nationalen Klimbosdag wurde von Klimbos Nederland und Fun Forest mit dem Ziel ins Leben gerufen, mehr Menschen die Vorteile der Natur auf einzigartige, spielerische Weise erleben zu lassen und auf die Erhaltung des Waldes aufmerksam zu machen. Eine waldreiche Umgebung reduziert Reize und der zus\u00e4tzliche Sauerstoff, den die B\u00e4ume produzieren, st\u00e4rkt unser Immunsystem: Stresshormone werden abgebaut und Gl\u00fcckshormone ausgesch\u00fcttet. Kombiniert mit einer sportlichen Aktivit\u00e4t wie Klettern und <em>Ziplining <\/em>im Kletterwald, dieser<em> Naturschub<\/em> verst\u00e4rkt. \"Aus Liebe zur Natur und zum Outdoor-Sport sind wir stolz darauf, dass sich so viele Kletterw\u00e4lder an der ersten Auflage des Nationalen Kletterwaldtages beteiligt haben. Gemeinsam rufen wir Kinder, Jugendliche und Erwachsene auf, den Kletterwald und die Natur zu feiern. Wir m\u00fcssen uns um die Natur k\u00fcmmern, ein Kletterwaldabenteuer ist ein zug\u00e4ngliches und <em>Spa\u00df<\/em> So k\u00f6nnen wir auch die n\u00e4chste Generation daran heranf\u00fchren\", sagte Ciaran Barsema, Direktor von Klimbos Niederlande.&nbsp;<\/p>\n\n\n\n<p><\/p>\n\n\n\n<p><strong>Helfen Sie dem Wald auf die Spr\u00fcnge: Baum f\u00fcr Baum&nbsp;<\/strong><br>Mit 20 angeschlossenen Kletterw\u00e4ldern in den gesamten Niederlanden bietet der Nationale Klettertag viel Sport und Bewegung in den vielen W\u00e4ldern der Niederlande. Ihr Kletterabenteuer an diesem Tag macht nicht nur Spa\u00df, sondern hilft auch der Natur. F\u00fcr jedes verkaufte Ticket wird 1 Euro an Trees for All gespendet, mit dem neue B\u00e4ume in Gebieten gepflanzt werden, in denen sie dringend ben\u00f6tigt werden. David Balhuizen, Gesch\u00e4ftsf\u00fchrer von Fun Forest, \u00fcber die Partnerschaft: \"Mit der Einf\u00fchrung des Nationalen Kletterwaldtages hoffen wir, mehr Menschen auf spielerische Art und Weise in die Natur zu locken. Weg vom Computerbildschirm und buchst\u00e4blich auf den Baum klettern. Um die Natur und uns selbst zu sch\u00fctzen, engagieren wir uns f\u00fcr den Naturschutz. Unser Ziel ist es, 1.500 Besucher anzuziehen, damit wir gemeinsam mindestens 300 neue B\u00e4ume pflanzen k\u00f6nnen. Denn wir m\u00fcssen die Natur nicht nur genie\u00dfen, sondern auch gut f\u00fcr sie sorgen\".&nbsp;&nbsp;<\/p>","protected":false},"excerpt":{"rendered":"<p>Im ganzen Land \u00f6ffnen Kletterw\u00e4lder ihre \"T\u00fcren\" und machen am Nationalen Kletterwaldtag auf eine bewaldete Umgebung aufmerksam. Starke Regenf\u00e4lle wechseln sich mit Hitzerekorden und extremen D\u00fcrreperioden ab - die Natur schreit nach Aufmerksamkeit. Wir brauchen unsere W\u00e4lder dringend, um die Erde f\u00fcr alle lebenswert zu erhalten. Gleichzeitig ist das Eintauchen in einen...<\/p>","protected":false},"author":4,"featured_media":4054,"comment_status":"closed","ping_status":"closed","sticky":false,"template":"","format":"standard","meta":{"_acf_changed":false,"footnotes":""},"categories":[1],"tags":[],"class_list":["post-7762","post","type-post","status-publish","format-standard","has-post-thumbnail","hentry","category-geen-onderdeel-van-een-categorie"],"acf":[],"yoast_head":"<!-- This site is optimized with the Yoast SEO plugin v27.5 - https:\/\/yoast.com\/product\/yoast-seo-wordpress\/ -->\n<title>Klimmen in \u00e9n voor de natuur - Klimbos<\/title>\n<meta name=\"description\" content=\"Door het hele land openen klimbossen hun \u2018deuren\u2019 en vragen aandacht voor een bosrijke omgeving&nbsp;tijdens de Nationale Klimbosdag Met hevige\" \/>\n<meta name=\"robots\" content=\"index, follow, max-snippet:-1, max-image-preview:large, max-video-preview:-1\" \/>\n<link rel=\"canonical\" href=\"https:\/\/klimbos.nl\/de\/geschichten-2\/klettern-in-und-fur-die-natur\/\" \/>\n<meta property=\"og:locale\" content=\"de_DE\" \/>\n<meta property=\"og:type\" content=\"article\" \/>\n<meta property=\"og:title\" content=\"Klimmen in \u00e9n voor de natuur - Klimbos\" \/>\n<meta property=\"og:description\" content=\"Door het hele land openen klimbossen hun \u2018deuren\u2019 en vragen aandacht voor een bosrijke omgeving&nbsp;tijdens de Nationale Klimbosdag Met hevige\" \/>\n<meta property=\"og:url\" content=\"https:\/\/klimbos.nl\/de\/geschichten-2\/klettern-in-und-fur-die-natur\/\" \/>\n<meta property=\"og:site_name\" content=\"Klimbos\" \/>\n<meta property=\"article:published_time\" content=\"2023-09-07T10:25:41+00:00\" \/>\n<meta property=\"article:modified_time\" content=\"2023-09-12T07:50:29+00:00\" \/>\n<meta property=\"og:image\" content=\"https:\/\/klimbos.nl\/wp-content\/uploads\/2021\/11\/DSC_5031A-scaled.jpg\" \/>\n\t<meta property=\"og:image:width\" content=\"2560\" \/>\n\t<meta property=\"og:image:height\" content=\"1707\" \/>\n\t<meta property=\"og:image:type\" content=\"image\/jpeg\" \/>\n<meta name=\"author\" content=\"Simone Dijkhuis\" \/>\n<meta name=\"twitter:card\" content=\"summary_large_image\" \/>\n<meta name=\"twitter:label1\" content=\"Written by\" \/>\n\t<meta name=\"twitter:data1\" content=\"Simone Dijkhuis\" \/>\n\t<meta name=\"twitter:label2\" content=\"Est. reading time\" \/>\n\t<meta name=\"twitter:data2\" content=\"3 minutes\" \/>\n<script type=\"application\/ld+json\" class=\"yoast-schema-graph\">{\"@context\":\"https:\\\/\\\/schema.org\",\"@graph\":[{\"@type\":\"Article\",\"@id\":\"https:\\\/\\\/klimbos.nl\\\/verhalen\\\/klimmen-in-en-voor-de-natuur\\\/#article\",\"isPartOf\":{\"@id\":\"https:\\\/\\\/klimbos.nl\\\/verhalen\\\/klimmen-in-en-voor-de-natuur\\\/\"},\"author\":{\"name\":\"Simone Dijkhuis\",\"@id\":\"https:\\\/\\\/klimbos.nl\\\/#\\\/schema\\\/person\\\/3e6a204e17e8a0d5fe1a882384847627\"},\"headline\":\"Klimmen in \u00e9n voor de natuur\",\"datePublished\":\"2023-09-07T10:25:41+00:00\",\"dateModified\":\"2023-09-12T07:50:29+00:00\",\"mainEntityOfPage\":{\"@id\":\"https:\\\/\\\/klimbos.nl\\\/verhalen\\\/klimmen-in-en-voor-de-natuur\\\/\"},\"wordCount\":489,\"image\":{\"@id\":\"https:\\\/\\\/klimbos.nl\\\/verhalen\\\/klimmen-in-en-voor-de-natuur\\\/#primaryimage\"},\"thumbnailUrl\":\"https:\\\/\\\/klimbos.nl\\\/wp-content\\\/uploads\\\/2021\\\/11\\\/DSC_5031A-scaled.jpg\",\"articleSection\":[\"Geen onderdeel van een categorie\"],\"inLanguage\":\"de-DE\"},{\"@type\":\"WebPage\",\"@id\":\"https:\\\/\\\/klimbos.nl\\\/verhalen\\\/klimmen-in-en-voor-de-natuur\\\/\",\"url\":\"https:\\\/\\\/klimbos.nl\\\/verhalen\\\/klimmen-in-en-voor-de-natuur\\\/\",\"name\":\"Klimmen in \u00e9n voor de natuur - Klimbos\",\"isPartOf\":{\"@id\":\"https:\\\/\\\/klimbos.nl\\\/#website\"},\"primaryImageOfPage\":{\"@id\":\"https:\\\/\\\/klimbos.nl\\\/verhalen\\\/klimmen-in-en-voor-de-natuur\\\/#primaryimage\"},\"image\":{\"@id\":\"https:\\\/\\\/klimbos.nl\\\/verhalen\\\/klimmen-in-en-voor-de-natuur\\\/#primaryimage\"},\"thumbnailUrl\":\"https:\\\/\\\/klimbos.nl\\\/wp-content\\\/uploads\\\/2021\\\/11\\\/DSC_5031A-scaled.jpg\",\"datePublished\":\"2023-09-07T10:25:41+00:00\",\"dateModified\":\"2023-09-12T07:50:29+00:00\",\"author\":{\"@id\":\"https:\\\/\\\/klimbos.nl\\\/#\\\/schema\\\/person\\\/3e6a204e17e8a0d5fe1a882384847627\"},\"description\":\"Door het hele land openen klimbossen hun \u2018deuren\u2019 en vragen aandacht voor een bosrijke omgeving&nbsp;tijdens de Nationale Klimbosdag Met hevige\",\"breadcrumb\":{\"@id\":\"https:\\\/\\\/klimbos.nl\\\/verhalen\\\/klimmen-in-en-voor-de-natuur\\\/#breadcrumb\"},\"inLanguage\":\"de-DE\",\"potentialAction\":[{\"@type\":\"ReadAction\",\"target\":[\"https:\\\/\\\/klimbos.nl\\\/verhalen\\\/klimmen-in-en-voor-de-natuur\\\/\"]}]},{\"@type\":\"ImageObject\",\"inLanguage\":\"de-DE\",\"@id\":\"https:\\\/\\\/klimbos.nl\\\/verhalen\\\/klimmen-in-en-voor-de-natuur\\\/#primaryimage\",\"url\":\"https:\\\/\\\/klimbos.nl\\\/wp-content\\\/uploads\\\/2021\\\/11\\\/DSC_5031A-scaled.jpg\",\"contentUrl\":\"https:\\\/\\\/klimbos.nl\\\/wp-content\\\/uploads\\\/2021\\\/11\\\/DSC_5031A-scaled.jpg\",\"width\":2560,\"height\":1707,\"caption\":\"De uitdagingen in het klimbos zijn voor jong en oud\"},{\"@type\":\"BreadcrumbList\",\"@id\":\"https:\\\/\\\/klimbos.nl\\\/verhalen\\\/klimmen-in-en-voor-de-natuur\\\/#breadcrumb\",\"itemListElement\":[{\"@type\":\"ListItem\",\"position\":1,\"name\":\"Home\",\"item\":\"https:\\\/\\\/klimbos.nl\\\/\"},{\"@type\":\"ListItem\",\"position\":2,\"name\":\"Klimmen in \u00e9n voor de natuur\"}]},{\"@type\":\"WebSite\",\"@id\":\"https:\\\/\\\/klimbos.nl\\\/#website\",\"url\":\"https:\\\/\\\/klimbos.nl\\\/\",\"name\":\"Klimbos\",\"description\":\"Ga op avontuur in de mooiste gebieden van Nederland\",\"potentialAction\":[{\"@type\":\"SearchAction\",\"target\":{\"@type\":\"EntryPoint\",\"urlTemplate\":\"https:\\\/\\\/klimbos.nl\\\/?s={search_term_string}\"},\"query-input\":{\"@type\":\"PropertyValueSpecification\",\"valueRequired\":true,\"valueName\":\"search_term_string\"}}],\"inLanguage\":\"de-DE\"},{\"@type\":\"Person\",\"@id\":\"https:\\\/\\\/klimbos.nl\\\/#\\\/schema\\\/person\\\/3e6a204e17e8a0d5fe1a882384847627\",\"name\":\"Simone Dijkhuis\",\"image\":{\"@type\":\"ImageObject\",\"inLanguage\":\"de-DE\",\"@id\":\"https:\\\/\\\/secure.gravatar.com\\\/avatar\\\/41b8a85e02270574b5ac3ebf8fbfe5fc4a564e6581d0302d1394b00b45a2dc0b?s=96&d=mm&r=g\",\"url\":\"https:\\\/\\\/secure.gravatar.com\\\/avatar\\\/41b8a85e02270574b5ac3ebf8fbfe5fc4a564e6581d0302d1394b00b45a2dc0b?s=96&d=mm&r=g\",\"contentUrl\":\"https:\\\/\\\/secure.gravatar.com\\\/avatar\\\/41b8a85e02270574b5ac3ebf8fbfe5fc4a564e6581d0302d1394b00b45a2dc0b?s=96&d=mm&r=g\",\"caption\":\"Simone Dijkhuis\"}}]}<\/script>\n<!-- \/ Yoast SEO plugin. -->","yoast_head_json":{"title":"Klettern in und f\u00fcr die Natur - Klimbos","description":"Im ganzen Land \u00f6ffnen Kletterw\u00e4lder ihre \"T\u00fcren\" und lenken die Aufmerksamkeit auf eine waldreiche Umgebung w\u00e4hrend des National Climbing Forest Day (Nationaler Tag des Kletterwaldes) mit heftigen","robots":{"index":"index","follow":"follow","max-snippet":"max-snippet:-1","max-image-preview":"max-image-preview:large","max-video-preview":"max-video-preview:-1"},"canonical":"https:\/\/klimbos.nl\/de\/geschichten-2\/klettern-in-und-fur-die-natur\/","og_locale":"de_DE","og_type":"article","og_title":"Klimmen in \u00e9n voor de natuur - Klimbos","og_description":"Door het hele land openen klimbossen hun \u2018deuren\u2019 en vragen aandacht voor een bosrijke omgeving&nbsp;tijdens de Nationale Klimbosdag Met hevige","og_url":"https:\/\/klimbos.nl\/de\/geschichten-2\/klettern-in-und-fur-die-natur\/","og_site_name":"Klimbos","article_published_time":"2023-09-07T10:25:41+00:00","article_modified_time":"2023-09-12T07:50:29+00:00","og_image":[{"width":2560,"height":1707,"url":"https:\/\/klimbos.nl\/wp-content\/uploads\/2021\/11\/DSC_5031A-scaled.jpg","type":"image\/jpeg"}],"author":"Simone Dijkhuis","twitter_card":"summary_large_image","twitter_misc":{"Written by":"Simone Dijkhuis","Est. reading time":"3 minutes"},"schema":{"@context":"https:\/\/schema.org","@graph":[{"@type":"Article","@id":"https:\/\/klimbos.nl\/verhalen\/klimmen-in-en-voor-de-natuur\/#article","isPartOf":{"@id":"https:\/\/klimbos.nl\/verhalen\/klimmen-in-en-voor-de-natuur\/"},"author":{"name":"Simone Dijkhuis","@id":"https:\/\/klimbos.nl\/#\/schema\/person\/3e6a204e17e8a0d5fe1a882384847627"},"headline":"Klimmen in \u00e9n voor de natuur","datePublished":"2023-09-07T10:25:41+00:00","dateModified":"2023-09-12T07:50:29+00:00","mainEntityOfPage":{"@id":"https:\/\/klimbos.nl\/verhalen\/klimmen-in-en-voor-de-natuur\/"},"wordCount":489,"image":{"@id":"https:\/\/klimbos.nl\/verhalen\/klimmen-in-en-voor-de-natuur\/#primaryimage"},"thumbnailUrl":"https:\/\/klimbos.nl\/wp-content\/uploads\/2021\/11\/DSC_5031A-scaled.jpg","articleSection":["Geen onderdeel van een categorie"],"inLanguage":"de-DE"},{"@type":"WebPage","@id":"https:\/\/klimbos.nl\/verhalen\/klimmen-in-en-voor-de-natuur\/","url":"https:\/\/klimbos.nl\/verhalen\/klimmen-in-en-voor-de-natuur\/","name":"Klettern in und f\u00fcr die Natur - Klimbos","isPartOf":{"@id":"https:\/\/klimbos.nl\/#website"},"primaryImageOfPage":{"@id":"https:\/\/klimbos.nl\/verhalen\/klimmen-in-en-voor-de-natuur\/#primaryimage"},"image":{"@id":"https:\/\/klimbos.nl\/verhalen\/klimmen-in-en-voor-de-natuur\/#primaryimage"},"thumbnailUrl":"https:\/\/klimbos.nl\/wp-content\/uploads\/2021\/11\/DSC_5031A-scaled.jpg","datePublished":"2023-09-07T10:25:41+00:00","dateModified":"2023-09-12T07:50:29+00:00","author":{"@id":"https:\/\/klimbos.nl\/#\/schema\/person\/3e6a204e17e8a0d5fe1a882384847627"},"description":"Im ganzen Land \u00f6ffnen Kletterw\u00e4lder ihre \"T\u00fcren\" und lenken die Aufmerksamkeit auf eine waldreiche Umgebung w\u00e4hrend des National Climbing Forest Day (Nationaler Tag des Kletterwaldes) mit heftigen","breadcrumb":{"@id":"https:\/\/klimbos.nl\/verhalen\/klimmen-in-en-voor-de-natuur\/#breadcrumb"},"inLanguage":"de-DE","potentialAction":[{"@type":"ReadAction","target":["https:\/\/klimbos.nl\/verhalen\/klimmen-in-en-voor-de-natuur\/"]}]},{"@type":"ImageObject","inLanguage":"de-DE","@id":"https:\/\/klimbos.nl\/verhalen\/klimmen-in-en-voor-de-natuur\/#primaryimage","url":"https:\/\/klimbos.nl\/wp-content\/uploads\/2021\/11\/DSC_5031A-scaled.jpg","contentUrl":"https:\/\/klimbos.nl\/wp-content\/uploads\/2021\/11\/DSC_5031A-scaled.jpg","width":2560,"height":1707,"caption":"De uitdagingen in het klimbos zijn voor jong en oud"},{"@type":"BreadcrumbList","@id":"https:\/\/klimbos.nl\/verhalen\/klimmen-in-en-voor-de-natuur\/#breadcrumb","itemListElement":[{"@type":"ListItem","position":1,"name":"Home","item":"https:\/\/klimbos.nl\/"},{"@type":"ListItem","position":2,"name":"Klimmen in \u00e9n voor de natuur"}]},{"@type":"WebSite","@id":"https:\/\/klimbos.nl\/#website","url":"https:\/\/klimbos.nl\/","name":"Kletterwald","description":"Begeben Sie sich auf ein Abenteuer in den sch\u00f6nsten Gegenden der Niederlande","potentialAction":[{"@type":"SearchAction","target":{"@type":"EntryPoint","urlTemplate":"https:\/\/klimbos.nl\/?s={search_term_string}"},"query-input":{"@type":"PropertyValueSpecification","valueRequired":true,"valueName":"search_term_string"}}],"inLanguage":"de-DE"},{"@type":"Person","@id":"https:\/\/klimbos.nl\/#\/schema\/person\/3e6a204e17e8a0d5fe1a882384847627","name":"Simone Dijkhuis","image":{"@type":"ImageObject","inLanguage":"de-DE","@id":"https:\/\/secure.gravatar.com\/avatar\/41b8a85e02270574b5ac3ebf8fbfe5fc4a564e6581d0302d1394b00b45a2dc0b?s=96&d=mm&r=g","url":"https:\/\/secure.gravatar.com\/avatar\/41b8a85e02270574b5ac3ebf8fbfe5fc4a564e6581d0302d1394b00b45a2dc0b?s=96&d=mm&r=g","contentUrl":"https:\/\/secure.gravatar.com\/avatar\/41b8a85e02270574b5ac3ebf8fbfe5fc4a564e6581d0302d1394b00b45a2dc0b?s=96&d=mm&r=g","caption":"Simone Dijkhuis"}}]}},"_links":{"self":[{"href":"https:\/\/klimbos.nl\/de\/wp-json\/wp\/v2\/posts\/7762","targetHints":{"allow":["GET"]}}],"collection":[{"href":"https:\/\/klimbos.nl\/de\/wp-json\/wp\/v2\/posts"}],"about":[{"href":"https:\/\/klimbos.nl\/de\/wp-json\/wp\/v2\/types\/post"}],"author":[{"embeddable":true,"href":"https:\/\/klimbos.nl\/de\/wp-json\/wp\/v2\/users\/4"}],"replies":[{"embeddable":true,"href":"https:\/\/klimbos.nl\/de\/wp-json\/wp\/v2\/comments?post=7762"}],"version-history":[{"count":0,"href":"https:\/\/klimbos.nl\/de\/wp-json\/wp\/v2\/posts\/7762\/revisions"}],"wp:featuredmedia":[{"embeddable":true,"href":"https:\/\/klimbos.nl\/de\/wp-json\/wp\/v2\/media\/4054"}],"wp:attachment":[{"href":"https:\/\/klimbos.nl\/de\/wp-json\/wp\/v2\/media?parent=7762"}],"wp:term":[{"taxonomy":"category","embeddable":true,"href":"https:\/\/klimbos.nl\/de\/wp-json\/wp\/v2\/categories?post=7762"},{"taxonomy":"post_tag","embeddable":true,"href":"https:\/\/klimbos.nl\/de\/wp-json\/wp\/v2\/tags?post=7762"}],"curies":[{"name":"wp","href":"https:\/\/api.w.org\/{rel}","templated":true}]}}